{"id":159,"date":"2022-11-23T15:56:32","date_gmt":"2022-11-23T15:56:32","guid":{"rendered":"https:\/\/corcovino.com\/vr\/?p=159"},"modified":"2023-01-31T15:20:52","modified_gmt":"2023-01-31T15:20:52","slug":"159","status":"publish","type":"post","link":"https:\/\/corcovino.com\/vr\/2022\/11\/159\/","title":{"rendered":"Domaine Combier, roi de Crozes"},"content":{"rendered":"\n<p>La famille Combier cultive les arbres fruitiers et notamment les abricots depuis 1936. Le domaine produit aussi des raisins qu\u2019il vend alors au n\u00e9goce. En 1989, Laurent Combier construit une cave et amorce un tournant ; convaincu du potentiel de Crozes-Hermitage, il fait r\u00e9sonner l\u2019appellation avec un certain talent, en culture biologique. Sa cuv\u00e9e \u00ab&nbsp;L&nbsp;\u00bb devient un best-seller et son Clos des Grives, fleuron de la gamme, couronne ce succ\u00e8s. Son fils David le rejoint et reprend peu \u00e0 peu les 60 hectares de vignoble, dont cinq d\u2019abricots, pos\u00e9s sur le plateau argilo-calcaire de Pont-d\u2019Is\u00e8re, ponctu\u00e9 de galets roul\u00e9s.&nbsp;<\/p>\n\n\n\n<p>Mod\u00e8le de crozes-hermitage croquant et pleinement fruit\u00e9, au naturel remarquable, le rouge 2020, issu d\u2019un mill\u00e9sime tr\u00e8s pr\u00e9coce et bien \u00e9quilibr\u00e9, propose un jus friand, structur\u00e9 et glissant, extr\u00eamement plaisant. S\u00e9duisant en diable, frais et suave, il invite au partage et annonce avec d\u00e9lice le retour des beaux jours.<\/p>\n\n\n\n<p><em><strong>D&rsquo;une traite :<\/strong> charnue et intense, cette pure syrah s\u2019\u00e9gaye de notes fruit\u00e9es d\u00e9licieusement \u00e9pic\u00e9es. Entre consistance et finesse, elle escortera \u00e0 merveille un r\u00f4ti de boeuf ou une c\u00f4te de veau au thym.<\/em><\/p>\n\n\n\n<p><strong>Crozes-Hermitage Rouge 2019<\/strong><br>Son prix : 23 \u20ac<br>Domaine Combier<br>1440 route de Lyon<br>26600 Pont-de-l\u2019Is\u00e8re<br>t\u00e9l. : 04 75 84 61 56<\/p>\n","protected":false},"excerpt":{"rendered":"<p>La famille Combier cultive les arbres fruitiers et notamment les abricots depuis 1936. Le domaine produit aussi des raisins qu\u2019il vend alors au n\u00e9goce. En &hellip; <\/p>\n","protected":false},"author":1,"featured_media":199,"comment_status":"closed","ping_status":"closed","sticky":false,"template":"","format":"standard","meta":{"footnotes":""},"categories":[4],"tags":[],"class_list":["post-159","post","type-post","status-publish","format-standard","has-post-thumbnail","hentry","category-a-boire"],"_links":{"self":[{"href":"https:\/\/corcovino.com\/vr\/wp-json\/wp\/v2\/posts\/159"}],"collection":[{"href":"https:\/\/corcovino.com\/vr\/wp-json\/wp\/v2\/posts"}],"about":[{"href":"https:\/\/corcovino.com\/vr\/wp-json\/wp\/v2\/types\/post"}],"author":[{"embeddable":true,"href":"https:\/\/corcovino.com\/vr\/wp-json\/wp\/v2\/users\/1"}],"replies":[{"embeddable":true,"href":"https:\/\/corcovino.com\/vr\/wp-json\/wp\/v2\/comments?post=159"}],"version-history":[{"count":3,"href":"https:\/\/corcovino.com\/vr\/wp-json\/wp\/v2\/posts\/159\/revisions"}],"predecessor-version":[{"id":166,"href":"https:\/\/corcovino.com\/vr\/wp-json\/wp\/v2\/posts\/159\/revisions\/166"}],"wp:featuredmedia":[{"embeddable":true,"href":"https:\/\/corcovino.com\/vr\/wp-json\/wp\/v2\/media\/199"}],"wp:attachment":[{"href":"https:\/\/corcovino.com\/vr\/wp-json\/wp\/v2\/media?parent=159"}],"wp:term":[{"taxonomy":"category","embeddable":true,"href":"https:\/\/corcovino.com\/vr\/wp-json\/wp\/v2\/categories?post=159"},{"taxonomy":"post_tag","embeddable":true,"href":"https:\/\/corcovino.com\/vr\/wp-json\/wp\/v2\/tags?post=159"}],"curies":[{"name":"wp","href":"https:\/\/api.w.org\/{rel}","templated":true}]}}