{"id":828,"date":"2023-06-29T15:22:06","date_gmt":"2023-06-29T15:22:06","guid":{"rendered":"https:\/\/corcovino.com\/vr\/?p=828"},"modified":"2023-07-03T09:01:07","modified_gmt":"2023-07-03T09:01:07","slug":"les-jamelles-cap-au-sud","status":"publish","type":"post","link":"https:\/\/corcovino.com\/vr\/2023\/06\/les-jamelles-cap-au-sud\/","title":{"rendered":"Les Jamelles, cap au sud"},"content":{"rendered":"\n<p>C&rsquo;est un n\u00e9goce cousu de fil dor\u00e9, une petite manufacture de vins de c\u00e9pages extr\u00eamement bien rod\u00e9e. Cr\u00e9\u00e9es en 1995 par <strong>Catherine et Laurent Delaunay<\/strong>, initialement pour le march\u00e9 am\u00e9ricain, Les Jamelles ont bien grandi depuis et \u00e9tendu leur gamme. De trois premiers vins \u00e0 la fondation &#8211; chardonnay, merlot et cabernet-sauvignon, vite rejoints par une syrah, un sauvignon blanc et un pinot noir &#8211; la gamme s&rsquo;est largement \u00e9toff\u00e9e, comptant aujourd&rsquo;hui une trentaine de cuv\u00e9es dont 22 mono-c\u00e9pages et 4 s\u00e9lections parcellaires.<\/p>\n\n\n\n<p><strong>L&rsquo;exception viticole fran\u00e7aise<\/strong><\/p>\n\n\n\n<p>Le concept est simple : mettre en valeur les caract\u00e9ristiques du <strong>c\u00e9page<\/strong>, sans extr\u00e9misme ni maquillage, et l&rsquo;envoyer aux quatre coins du monde pour s\u00e9duire des palais aussi diff\u00e9rents que ceux d&rsquo;Am\u00e9ricains, de Qu\u00e9b\u00e9cois, de Britanniques ou de Fran\u00e7ais. \u00ab\u00a0L&rsquo;id\u00e9e \u00e9tait de faire une cuv\u00e9e commune \u00e0 tous les march\u00e9s\u00a0\u00bb explique Catherine Delaunay. <em>\u00ab\u00a0One fils all\u00a0\u00bb<\/em> en somme, avec d\u00e9sormais 6 millions de cols \u00e9parpill\u00e9s \u00e0 travers le monde, dont 20% en France.<\/p>\n\n\n\n<p>Dans les faits, la m\u00e9thode est habile et pr\u00e9cise. Pas question de faire des caricatures de chardonnay beurr\u00e9, vanille-coco ni de cabernet poivron-tomate-basilic. L&rsquo;expression du c\u00e9page est surtout concomitante \u00e0 celle d&rsquo;un lieu : <strong>les terroirs du Languedoc<\/strong>.<\/p>\n\n\n\n<p>Car l&rsquo;aventure est n\u00e9e dans le sud, dans cet eldorado o\u00f9, au tournant du mill\u00e9naire, tout semblait ouvert ; le Languedoc faisait alors office de terre promise et tous les grands stylistes s&rsquo;en emparaient. L&rsquo;occasion \u00e9tait belle de le conqu\u00e9rir par une autre voie, plus accessible, oeuvrant \u00e0 replacer ces territoires dans une lecture accessible, par des <strong>vins d&rsquo;initiation, d\u00e9contract\u00e9s et tr\u00e8s plaisants<\/strong>, techniquement irr\u00e9prochables.<\/p>\n\n\n\n<p>Le plus difficile est toujours de para\u00eetre simple et \u00e9vident sans montrer l&rsquo;effort, sans d\u00e9voiler la m\u00e9canique. Les Jamelles y parviennent \u00e0 merveille, assurant \u00e0 chaque cuv\u00e9e un naturel, de la joie et du plaisir. Pourtant, le travail en cuisine est plus complexe qu&rsquo;il n&rsquo;y para\u00eet ; il faut en amont s\u00e9lectionner les parcelles bien s\u00fbr, les partenaires aussi, avec qui l&rsquo;on partage les valeurs et les m\u00e9thodes, et puis user de tous les outils modernes \u00e0 sa disposition, en dosant avec probit\u00e9 et doigt\u00e9. <\/p>\n\n\n\n<p>Les vins sont pour partie \u00e9lev\u00e9s sous bois, en barriques mais aussi avec des st\u00e8ves, et des copeaux frais, toujours sur lies fines \u00e0 l&rsquo;abri de l&rsquo;air.  Des techniques tr\u00e8s couramment employ\u00e9es, jamais avou\u00e9es, par coquetterie idiote, sans doute, car pourquoi ne pas revendiquer ce que l&rsquo;on fait, si on le fait bien et \u00e0 dessein ?<\/p>\n\n\n\n<figure class=\"wp-block-image size-large\"><img loading=\"lazy\" decoding=\"async\" width=\"1890\" height=\"1024\" src=\"https:\/\/corcovino.com\/vr\/wp-content\/uploads\/2023\/06\/Jamelles_2-1890x1024.jpg\" alt=\"\" class=\"wp-image-833\" srcset=\"https:\/\/corcovino.com\/vr\/wp-content\/uploads\/2023\/06\/Jamelles_2-1890x1024.jpg 1890w, https:\/\/corcovino.com\/vr\/wp-content\/uploads\/2023\/06\/Jamelles_2-554x300.jpg 554w, https:\/\/corcovino.com\/vr\/wp-content\/uploads\/2023\/06\/Jamelles_2-768x416.jpg 768w, https:\/\/corcovino.com\/vr\/wp-content\/uploads\/2023\/06\/Jamelles_2-1536x832.jpg 1536w, https:\/\/corcovino.com\/vr\/wp-content\/uploads\/2023\/06\/Jamelles_2-2048x1110.jpg 2048w, https:\/\/corcovino.com\/vr\/wp-content\/uploads\/2023\/06\/Jamelles_2-111x60.jpg 111w, https:\/\/corcovino.com\/vr\/wp-content\/uploads\/2023\/06\/Jamelles_2-1320x715.jpg 1320w\" sizes=\"(max-width: 1890px) 100vw, 1890px\" \/><\/figure>\n\n\n\n<p><\/p>\n\n\n\n<p>Le r\u00e9sultat se lit dans le verre et la d\u00e9gustation laisse \u00e9clater la v\u00e9rit\u00e9.<\/p>\n\n\n\n<p>L&rsquo;IGP Pays d&rsquo;Oc <strong>chardonnay 2022<\/strong> (9\u20ac) est une petite r\u00e9ussite de gourmandise et de confort, accroch\u00e9 \u00e0 une belle \u00e9nergie, un fruit rond, frais, avec du gras et de la tension. Une partie des jus viennent de Limoux pour la tension et la belle tonicit\u00e9. C&rsquo;est r\u00e9ussi ! <\/p>\n\n\n\n<p>L&rsquo;IGP Pays d&rsquo;Oc <strong>grenache gris La Lauze du Moulin 2021<\/strong> (20\u20ac), s\u00e9lection parcellaire de 80 ares, offre autant d&rsquo;atouts de charme et de saveurs imm\u00e9diates. Des notes d&rsquo;agrumes, un jus filant, \u00e9nergique, une finale saline offrent un ensemble tr\u00e8s savoureux. C&rsquo;est en fait un \u00ab\u00a0blanc de gris\u00a0\u00bb avec une teinte claire, issu des propres vignes des Delaunay, 10 ha dans les Corbi\u00e8res. R\u00e9colt\u00e9 \u00e0 la main, vinifi\u00e9 en cuves inox pour le c\u00f4t\u00e9 vif et croquant puis \u00e9lev\u00e9 en 500 litres sans bois neuf, ce vin prend le contre-pied du languedoc plantureux. <\/p>\n\n\n\n<p>L&rsquo;IGP Pays d&rsquo;Oc <strong>syrah-grenache Minimalist 2022<\/strong> (10\u20ac), sans sulfites ajout\u00e9s, \u00e9lev\u00e9 sur lies fines uniquement en cuves, rec\u00e8le un jus croquant, de myrtilles et d&rsquo;\u00e9pices, aux tanins fondus, avec de petits amers en finale. <\/p>\n\n\n\n<p>Enfin un <strong>vin orange 2021<\/strong> (8,50\u20ac), passage oblig\u00e9, mais qui ne d\u00e9\u00e7oit pas. Assemblage de 5 c\u00e9pages (grenache blanc, viognier, muscat, gewurztraminer et chenin), il combine des notes d&rsquo;orange, d&rsquo;agrumes, de bergamote et d&rsquo;\u00e9pices \u00e0 une trame fine, juteuse, tr\u00e8s d\u00e9licat, sur le poivre blanc et les fleurs. <\/p>\n\n\n\n<p><strong>En r\u00e9sum\u00e9<\/strong> : des vins lisibles, accessibles, irr\u00e9prochables, qui content le sud avec brio et simplicit\u00e9. <\/p>\n\n\n\n<p><\/p>\n\n\n\n<p><\/p>\n\n\n\n<p><\/p>\n","protected":false},"excerpt":{"rendered":"<p>C&rsquo;est un n\u00e9goce cousu de fil dor\u00e9, une petite manufacture de vins de c\u00e9pages extr\u00eamement bien rod\u00e9e. Cr\u00e9\u00e9es en 1995 par Catherine et Laurent Delaunay, &hellip; <\/p>\n","protected":false},"author":1,"featured_media":830,"comment_status":"closed","ping_status":"closed","sticky":false,"template":"","format":"standard","meta":{"footnotes":""},"categories":[4,5],"tags":[],"class_list":["post-828","post","type-post","status-publish","format-standard","has-post-thumbnail","hentry","category-a-boire","category-decryptage"],"_links":{"self":[{"href":"https:\/\/corcovino.com\/vr\/wp-json\/wp\/v2\/posts\/828"}],"collection":[{"href":"https:\/\/corcovino.com\/vr\/wp-json\/wp\/v2\/posts"}],"about":[{"href":"https:\/\/corcovino.com\/vr\/wp-json\/wp\/v2\/types\/post"}],"author":[{"embeddable":true,"href":"https:\/\/corcovino.com\/vr\/wp-json\/wp\/v2\/users\/1"}],"replies":[{"embeddable":true,"href":"https:\/\/corcovino.com\/vr\/wp-json\/wp\/v2\/comments?post=828"}],"version-history":[{"count":5,"href":"https:\/\/corcovino.com\/vr\/wp-json\/wp\/v2\/posts\/828\/revisions"}],"predecessor-version":[{"id":851,"href":"https:\/\/corcovino.com\/vr\/wp-json\/wp\/v2\/posts\/828\/revisions\/851"}],"wp:featuredmedia":[{"embeddable":true,"href":"https:\/\/corcovino.com\/vr\/wp-json\/wp\/v2\/media\/830"}],"wp:attachment":[{"href":"https:\/\/corcovino.com\/vr\/wp-json\/wp\/v2\/media?parent=828"}],"wp:term":[{"taxonomy":"category","embeddable":true,"href":"https:\/\/corcovino.com\/vr\/wp-json\/wp\/v2\/categories?post=828"},{"taxonomy":"post_tag","embeddable":true,"href":"https:\/\/corcovino.com\/vr\/wp-json\/wp\/v2\/tags?post=828"}],"curies":[{"name":"wp","href":"https:\/\/api.w.org\/{rel}","templated":true}]}}